{"id":7854,"date":"2025-05-31T20:42:29","date_gmt":"2025-05-31T18:42:29","guid":{"rendered":"https:\/\/www.patrick-bernau.de\/PatrickBernau\/?p=7854"},"modified":"2025-06-09T22:03:25","modified_gmt":"2025-06-09T20:03:25","slug":"diskussion-kann-ein-ministerium-den-staat-modernisieren","status":"publish","type":"post","link":"https:\/\/www.patrick-bernau.de\/PatrickBernau\/2025\/05\/diskussion-kann-ein-ministerium-den-staat-modernisieren\/","title":{"rendered":"Diskussion: Kann ein Ministerium den Staat modernisieren?"},"content":{"rendered":"\n<p>Deutschland hat ein neues Bundesministerium, und zwar f\u00fcr Digitales \u2013 und \u2013 Staatsmodernisierung. Vorbilder f\u00fcr ein Digitalministerium gibt es wahrscheinlich ebenso viele wie Forderungen danach. Nun ist es da und was die Meisten dennoch \u00fcberrascht haben d\u00fcrfte: Zu seinen Kompetenzen z\u00e4hlen neben der Verwaltungsdigitalisierung eben auch B\u00fcrokratier\u00fcckbau und Staatsmodernisierung. Kann ein Ministerium das \u00fcberhaupt, m\u00f6gen daher schon jetzt viele fragen.&nbsp;<\/p>\n\n\n\n<p>Wir m\u00f6chten herausfinden, was hinter dem neuen Bundesministerium steckt und welche Ziele und Aufgaben es vor sich hat. Das tun wir mit:<\/p>\n\n\n\n<figure class=\"wp-block-image size-large\"><a href=\"https:\/\/www.patrick-bernau.de\/PatrickBernau\/wp-content\/uploads\/2025\/05\/IMG_2901-e1749499356134.jpg\"><img decoding=\"async\" src=\"https:\/\/www.patrick-bernau.de\/PatrickBernau\/wp-content\/uploads\/2025\/05\/IMG_2901-1024x576.jpg\" alt=\"\" class=\"wp-image-7869\"\/><\/a><\/figure>\n\n\n\n<ul class=\"wp-block-list\">\n<li>Philipp Amthor: Parlamentarischer Staatssekret\u00e4r beim Bundesminister f\u00fcr Digitales und Staatsmodernisierung<\/li>\n\n\n\n<li>Anna Sinell: Bereichsleitung, DigitalService des Bundes<\/li>\n\n\n\n<li>Stefan Heumann: Gesch\u00e4ftsf\u00fchrer, Agora Digitale Transformation<\/li>\n\n\n\n<li>Alisha Andert: Vorstandsvorsitzende, Legal Tech Verband Deutschland<\/li>\n<\/ul>\n\n\n\n<p>Moderation: Patrick Bernau.<\/p>\n\n\n\n<p>Am 5. Juni 2025 auf dem <a href=\"https:\/\/creativebureaucracy.org\/programme\/kann-ein-bundesministerium-staatsmodernisierung\" title=\"\">Creative Bureaucracy Festival<\/a>.<\/p>\n","protected":false},"excerpt":{"rendered":"<p>Deutschland hat ein neues Bundesministerium, und zwar f\u00fcr Digitales \u2013 und \u2013 Staatsmodernisierung. Vorbilder f\u00fcr ein Digitalministerium gibt es wahrscheinlich ebenso viele wie Forderungen danach. Nun ist es da und was die Meisten dennoch \u00fcberrascht haben d\u00fcrfte: Zu seinen Kompetenzen z\u00e4hlen neben der Verwaltungsdigitalisierung eben auch B\u00fcrokratier\u00fcckbau und Staatsmodernisierung. Kann ein Ministerium das \u00fcberhaupt, m\u00f6gen <a class=\"more-link\" href=\"https:\/\/www.patrick-bernau.de\/PatrickBernau\/2025\/05\/diskussion-kann-ein-ministerium-den-staat-modernisieren\/\">Mehr &#8230;<\/a><\/p>\n","protected":false},"author":1,"featured_media":7869,"comment_status":"closed","ping_status":"open","sticky":false,"template":"","format":"standard","meta":{"footnotes":"","_links_to":"","_links_to_target":""},"categories":[101],"tags":[1209],"class_list":["post-7854","post","type-post","status-publish","format-standard","has-post-thumbnail","hentry","category-termine","tag-buerokratie"],"aioseo_notices":[],"_links":{"self":[{"href":"https:\/\/www.patrick-bernau.de\/PatrickBernau\/wp-json\/wp\/v2\/posts\/7854","targetHints":{"allow":["GET"]}}],"collection":[{"href":"https:\/\/www.patrick-bernau.de\/PatrickBernau\/wp-json\/wp\/v2\/posts"}],"about":[{"href":"https:\/\/www.patrick-bernau.de\/PatrickBernau\/wp-json\/wp\/v2\/types\/post"}],"author":[{"embeddable":true,"href":"https:\/\/www.patrick-bernau.de\/PatrickBernau\/wp-json\/wp\/v2\/users\/1"}],"replies":[{"embeddable":true,"href":"https:\/\/www.patrick-bernau.de\/PatrickBernau\/wp-json\/wp\/v2\/comments?post=7854"}],"version-history":[{"count":3,"href":"https:\/\/www.patrick-bernau.de\/PatrickBernau\/wp-json\/wp\/v2\/posts\/7854\/revisions"}],"predecessor-version":[{"id":7876,"href":"https:\/\/www.patrick-bernau.de\/PatrickBernau\/wp-json\/wp\/v2\/posts\/7854\/revisions\/7876"}],"wp:featuredmedia":[{"embeddable":true,"href":"https:\/\/www.patrick-bernau.de\/PatrickBernau\/wp-json\/wp\/v2\/media\/7869"}],"wp:attachment":[{"href":"https:\/\/www.patrick-bernau.de\/PatrickBernau\/wp-json\/wp\/v2\/media?parent=7854"}],"wp:term":[{"taxonomy":"category","embeddable":true,"href":"https:\/\/www.patrick-bernau.de\/PatrickBernau\/wp-json\/wp\/v2\/categories?post=7854"},{"taxonomy":"post_tag","embeddable":true,"href":"https:\/\/www.patrick-bernau.de\/PatrickBernau\/wp-json\/wp\/v2\/tags?post=7854"}],"curies":[{"name":"wp","href":"https:\/\/api.w.org\/{rel}","templated":true}]}}