{"id":7355,"date":"2024-10-14T20:39:48","date_gmt":"2024-10-14T18:39:48","guid":{"rendered":"https:\/\/www.patrick-bernau.de\/PatrickBernau\/?p=7355"},"modified":"2024-12-01T18:34:59","modified_gmt":"2024-12-01T17:34:59","slug":"kuenstliche-intelligenz-fuer-schweizer-journalisten","status":"publish","type":"post","link":"https:\/\/www.patrick-bernau.de\/PatrickBernau\/2024\/10\/kuenstliche-intelligenz-fuer-schweizer-journalisten\/","title":{"rendered":"K\u00fcnstliche Intelligenz f\u00fcr Schweizer Journalisten"},"content":{"rendered":"\n<p>K\u00fcnstliche Intelligenz entwickelt sich immer weiter. Immer neue Firmen kommen auf den Markt, und Journalismus kann davon profitieren, indem er jede mit ihren St\u00e4rken nutzt.<\/p>\n\n\n\n<p>Wie k\u00f6nnen Journalisten die K\u00fcnstliche Intelligenz nutzen? Welche Werkzeuge erleichtern uns die Arbeit oder verbessern unsere Beitr\u00e4ge? Und wie gehen wir damit um?<\/p>\n\n\n\n<p>Das haben wir beim Schweizer Reporter:innenforum besprochen. Am 4. Oktober in Z\u00fcrich.<\/p>\n","protected":false},"excerpt":{"rendered":"<p>K\u00fcnstliche Intelligenz entwickelt sich immer weiter. Immer neue Firmen kommen auf den Markt, und Journalismus kann davon profitieren, indem er jede mit ihren St\u00e4rken nutzt. <a class=\"more-link\" href=\"https:\/\/www.patrick-bernau.de\/PatrickBernau\/2024\/10\/kuenstliche-intelligenz-fuer-schweizer-journalisten\/\">Mehr &#8230;<\/a><\/p>\n","protected":false},"author":1,"featured_media":0,"comment_status":"closed","ping_status":"open","sticky":false,"template":"","format":"standard","meta":{"footnotes":"","_links_to":"","_links_to_target":""},"categories":[101],"tags":[1207],"class_list":["post-7355","post","type-post","status-publish","format-standard","hentry","category-termine","tag-kuenstliche-intelligenz"],"aioseo_notices":[],"_links":{"self":[{"href":"https:\/\/www.patrick-bernau.de\/PatrickBernau\/wp-json\/wp\/v2\/posts\/7355","targetHints":{"allow":["GET"]}}],"collection":[{"href":"https:\/\/www.patrick-bernau.de\/PatrickBernau\/wp-json\/wp\/v2\/posts"}],"about":[{"href":"https:\/\/www.patrick-bernau.de\/PatrickBernau\/wp-json\/wp\/v2\/types\/post"}],"author":[{"embeddable":true,"href":"https:\/\/www.patrick-bernau.de\/PatrickBernau\/wp-json\/wp\/v2\/users\/1"}],"replies":[{"embeddable":true,"href":"https:\/\/www.patrick-bernau.de\/PatrickBernau\/wp-json\/wp\/v2\/comments?post=7355"}],"version-history":[{"count":2,"href":"https:\/\/www.patrick-bernau.de\/PatrickBernau\/wp-json\/wp\/v2\/posts\/7355\/revisions"}],"predecessor-version":[{"id":7384,"href":"https:\/\/www.patrick-bernau.de\/PatrickBernau\/wp-json\/wp\/v2\/posts\/7355\/revisions\/7384"}],"wp:attachment":[{"href":"https:\/\/www.patrick-bernau.de\/PatrickBernau\/wp-json\/wp\/v2\/media?parent=7355"}],"wp:term":[{"taxonomy":"category","embeddable":true,"href":"https:\/\/www.patrick-bernau.de\/PatrickBernau\/wp-json\/wp\/v2\/categories?post=7355"},{"taxonomy":"post_tag","embeddable":true,"href":"https:\/\/www.patrick-bernau.de\/PatrickBernau\/wp-json\/wp\/v2\/tags?post=7355"}],"curies":[{"name":"wp","href":"https:\/\/api.w.org\/{rel}","templated":true}]}}