{"id":6845,"date":"2023-10-07T00:28:00","date_gmt":"2023-10-06T22:28:00","guid":{"rendered":"https:\/\/www.patrick-bernau.de\/PatrickBernau\/?p=6845"},"modified":"2024-08-14T10:40:28","modified_gmt":"2024-08-14T08:40:28","slug":"wie-gehts-weiter-mit-dem-wirtschaftsstandort-deutschland","status":"publish","type":"post","link":"https:\/\/www.patrick-bernau.de\/PatrickBernau\/2023\/10\/wie-gehts-weiter-mit-dem-wirtschaftsstandort-deutschland\/","title":{"rendered":"Wie geht&#8217;s weiter mit dem Wirtschaftsstandort Deutschland?"},"content":{"rendered":"\n<p>W\u00e4hrend der Bundeskanzler noch versucht Zuversicht zu verbreiten, prognostizieren die f\u00fchrenden wirtschaftswissenschaftlichen Institute j\u00fcngst f\u00fcr 2023 einen BIP-R\u00fcckgang von 0.6%. Wie bleibt Deutschland in Zukunft als Industriestandort attraktiv und wie finanzieren wir die Wende hin zu einer klimaneutralen Volkswirtschaft? K\u00f6nnen und sollten wir im Subventionswettlauf mit den USA standhalten? Ist die Schuldenbremse noch zeitgem\u00e4\u00df?<\/p>\n\n\n\n<p>Bei der jungen Klimakonferenz &#8222;LCOY&#8220; diskutierten:<\/p>\n\n\n\n<ul class=\"wp-block-list\">\n<li>Ulrike Malmendier, Sachverst\u00e4ndigenrat zur Begutachtung der gesamtwirtschaftlichen Entwicklung , University of California, Berkeley<\/li>\n\n\n\n<li>Danyal Bayaz, Finanzminister von Baden-W\u00fcrttemberg<\/li>\n\n\n\n<li>Patrick Bernau, Frankfurter Allgemeine Sonntagszeitung<\/li>\n<\/ul>\n\n\n\n<p><\/p>\n\n\n\n<p>Die Moderation hatte Sadhi Vornberger.<\/p>\n","protected":false},"excerpt":{"rendered":"<p>W\u00e4hrend der Bundeskanzler noch versucht Zuversicht zu verbreiten, prognostizieren die f\u00fchrenden wirtschaftswissenschaftlichen Institute j\u00fcngst f\u00fcr 2023 einen BIP-R\u00fcckgang von 0.6%. Wie bleibt Deutschland in Zukunft als Industriestandort attraktiv und wie finanzieren wir die Wende hin zu einer klimaneutralen Volkswirtschaft? K\u00f6nnen und sollten wir im Subventionswettlauf mit den USA standhalten? Ist die Schuldenbremse noch zeitgem\u00e4\u00df? Bei <a class=\"more-link\" href=\"https:\/\/www.patrick-bernau.de\/PatrickBernau\/2023\/10\/wie-gehts-weiter-mit-dem-wirtschaftsstandort-deutschland\/\">Mehr &#8230;<\/a><\/p>\n","protected":false},"author":1,"featured_media":0,"comment_status":"closed","ping_status":"open","sticky":false,"template":"","format":"standard","meta":{"footnotes":"","_links_to":"","_links_to_target":""},"categories":[101],"tags":[1209,1334,1167],"class_list":["post-6845","post","type-post","status-publish","format-standard","hentry","category-termine","tag-buerokratie","tag-klimaschutz","tag-wirtschaftspolitik"],"aioseo_notices":[],"_links":{"self":[{"href":"https:\/\/www.patrick-bernau.de\/PatrickBernau\/wp-json\/wp\/v2\/posts\/6845","targetHints":{"allow":["GET"]}}],"collection":[{"href":"https:\/\/www.patrick-bernau.de\/PatrickBernau\/wp-json\/wp\/v2\/posts"}],"about":[{"href":"https:\/\/www.patrick-bernau.de\/PatrickBernau\/wp-json\/wp\/v2\/types\/post"}],"author":[{"embeddable":true,"href":"https:\/\/www.patrick-bernau.de\/PatrickBernau\/wp-json\/wp\/v2\/users\/1"}],"replies":[{"embeddable":true,"href":"https:\/\/www.patrick-bernau.de\/PatrickBernau\/wp-json\/wp\/v2\/comments?post=6845"}],"version-history":[{"count":1,"href":"https:\/\/www.patrick-bernau.de\/PatrickBernau\/wp-json\/wp\/v2\/posts\/6845\/revisions"}],"predecessor-version":[{"id":6846,"href":"https:\/\/www.patrick-bernau.de\/PatrickBernau\/wp-json\/wp\/v2\/posts\/6845\/revisions\/6846"}],"wp:attachment":[{"href":"https:\/\/www.patrick-bernau.de\/PatrickBernau\/wp-json\/wp\/v2\/media?parent=6845"}],"wp:term":[{"taxonomy":"category","embeddable":true,"href":"https:\/\/www.patrick-bernau.de\/PatrickBernau\/wp-json\/wp\/v2\/categories?post=6845"},{"taxonomy":"post_tag","embeddable":true,"href":"https:\/\/www.patrick-bernau.de\/PatrickBernau\/wp-json\/wp\/v2\/tags?post=6845"}],"curies":[{"name":"wp","href":"https:\/\/api.w.org\/{rel}","templated":true}]}}