{"id":6833,"date":"2023-09-26T23:54:00","date_gmt":"2023-09-26T21:54:00","guid":{"rendered":"https:\/\/www.patrick-bernau.de\/PatrickBernau\/?p=6833"},"modified":"2023-12-30T00:04:52","modified_gmt":"2023-12-29T23:04:52","slug":"wachstum-nachhaltigkeit-und-sozialer-friede-die-diskussion","status":"publish","type":"post","link":"https:\/\/www.patrick-bernau.de\/PatrickBernau\/2023\/09\/wachstum-nachhaltigkeit-und-sozialer-friede-die-diskussion\/","title":{"rendered":"Wachstum, Nachhaltigkeit und sozialer Friede &#8211; die Diskussion"},"content":{"rendered":"<p>Es gibt viele aktuelle Herausforderungen: von der gr\u00fcnen und digitalen Transformation \u00fcber den demografischen Wandel bis hin zu den Folgen der Corona-Pandemie und der russischen Aggression gegen die Ukraine mit ihren Auswirkungen auf die Energiesicherheit reichen. Darum stellt sich die ordoliberale Frage nach einer funktionierenden und humanen Ordnung neu.<\/p>\n<p>Auf dem <a href=\"_wp_link_placeholder\" data-wplink-edit=\"true\">&#8222;Econwatch&#8220;-Panel beim Verein f\u00fcr Socialpolitik<\/a>, der Vereinigung deutschsprachiger \u00d6konomen, diskutierten wir, ob und wie die deutsche soziale Marktwirtschaft erneuert werden muss, um wirtschaftliches Wachstum, \u00f6kologische Nachhaltigkeit und sozialen Frieden f\u00fcr zuk\u00fcnftige Generationen zu sichern.<\/p>\n<p>Es ging darum, wie der Ausstieg aus interventionistischen Krisenma\u00dfnahmen gelingen kann, wie ordoliberalen Prinzipien in den internationalen Wirtschaftsbeziehungen mehr Gewicht verliehen werden kann und wie das soziale Versprechen in einer \u00f6kologisch nachhaltigen Zukunft eingel\u00f6st werden kann &#8211; und wie all das gesellschaftliche Akzeptanz findet.<\/p>\n<p>Das diskutierten wir mit:<\/p>\n<ul>\n<li>Svenja Flechtner (Universit\u00e4t Siegen)<\/li>\n<li>Karen Horn (Universit\u00e4t Erfurt)<\/li>\n<li>Sarah Necker (Ludwig Erhard ifo Zentrum f\u00fcr Soziale Marktwirtschaft und Institutionen\u00f6konomik)<\/li>\n<li>Thomas Petersen (Institut f\u00fcr Demoskopie Allensbach)<\/li>\n<\/ul>\n<p>Die Moderation hatte Patrick Bernau (Frankfurter Allgemeine Sonntagszeitung).<\/p>\n","protected":false},"excerpt":{"rendered":"<p>Es gibt viele aktuelle Herausforderungen: von der gr\u00fcnen und digitalen Transformation \u00fcber den demografischen Wandel bis hin zu den Folgen der Corona-Pandemie und der russischen Aggression gegen die Ukraine mit ihren Auswirkungen auf die Energiesicherheit reichen. Darum stellt sich die ordoliberale Frage nach einer funktionierenden und humanen Ordnung neu. Auf dem &#8222;Econwatch&#8220;-Panel beim Verein f\u00fcr <a class=\"more-link\" href=\"https:\/\/www.patrick-bernau.de\/PatrickBernau\/2023\/09\/wachstum-nachhaltigkeit-und-sozialer-friede-die-diskussion\/\">Mehr &#8230;<\/a><\/p>\n","protected":false},"author":1,"featured_media":0,"comment_status":"closed","ping_status":"open","sticky":false,"template":"","format":"standard","meta":{"footnotes":"","_links_to":"","_links_to_target":""},"categories":[101],"tags":[1334,230,1219,508],"class_list":["post-6833","post","type-post","status-publish","format-standard","hentry","category-termine","tag-klimaschutz","tag-okonomik","tag-umweltschutz","tag-ungleichheit"],"aioseo_notices":[],"_links":{"self":[{"href":"https:\/\/www.patrick-bernau.de\/PatrickBernau\/wp-json\/wp\/v2\/posts\/6833","targetHints":{"allow":["GET"]}}],"collection":[{"href":"https:\/\/www.patrick-bernau.de\/PatrickBernau\/wp-json\/wp\/v2\/posts"}],"about":[{"href":"https:\/\/www.patrick-bernau.de\/PatrickBernau\/wp-json\/wp\/v2\/types\/post"}],"author":[{"embeddable":true,"href":"https:\/\/www.patrick-bernau.de\/PatrickBernau\/wp-json\/wp\/v2\/users\/1"}],"replies":[{"embeddable":true,"href":"https:\/\/www.patrick-bernau.de\/PatrickBernau\/wp-json\/wp\/v2\/comments?post=6833"}],"version-history":[{"count":1,"href":"https:\/\/www.patrick-bernau.de\/PatrickBernau\/wp-json\/wp\/v2\/posts\/6833\/revisions"}],"predecessor-version":[{"id":6834,"href":"https:\/\/www.patrick-bernau.de\/PatrickBernau\/wp-json\/wp\/v2\/posts\/6833\/revisions\/6834"}],"wp:attachment":[{"href":"https:\/\/www.patrick-bernau.de\/PatrickBernau\/wp-json\/wp\/v2\/media?parent=6833"}],"wp:term":[{"taxonomy":"category","embeddable":true,"href":"https:\/\/www.patrick-bernau.de\/PatrickBernau\/wp-json\/wp\/v2\/categories?post=6833"},{"taxonomy":"post_tag","embeddable":true,"href":"https:\/\/www.patrick-bernau.de\/PatrickBernau\/wp-json\/wp\/v2\/tags?post=6833"}],"curies":[{"name":"wp","href":"https:\/\/api.w.org\/{rel}","templated":true}]}}