{"id":5101,"date":"2021-07-18T20:26:00","date_gmt":"2021-07-18T18:26:00","guid":{"rendered":"http:\/\/www.patrick-bernau.de\/PatrickBernau\/?p=5101"},"modified":"2022-09-25T20:53:54","modified_gmt":"2022-09-25T18:53:54","slug":"im-presseclub-welche-klimapolitik-brauchen-wir","status":"publish","type":"post","link":"https:\/\/www.patrick-bernau.de\/PatrickBernau\/2021\/07\/im-presseclub-welche-klimapolitik-brauchen-wir\/","title":{"rendered":"Im Presseclub: Welche Klimapolitik brauchen wir?"},"content":{"rendered":"\n<p>Nach der Flutkatastrophe in Nordrhein-Westfalen und Rheinland-Pfalz, nach D\u00fcrren und Hitzewellen r\u00fcckt der Klimawandel in die Diskussion &#8211; so auch im ARD-Presseclub. Dort diskutierten wir dar\u00fcber, ob das schon die Auswirkungen des Klimawandels sind und ob das j\u00fcngste EU-Klimapaket das richtige Mittel ist.<\/p>\n\n\n\n<p>Wir diskutierten mit:<\/p>\n\n\n\n<ul class=\"wp-block-list\"><li>Sven Pl\u00f6ger, Meteorologe<\/li><li>Sara Schurmann, freie Journalistin<\/li><li>Silke Wettach, Wirtschafts Woche<\/li><li>Patrick Bernau, Frankfurter Allgemeine Sonntagszeitung.<\/li><\/ul>\n\n\n\n<p>Die Moderation hatte Ellen Ehni.<\/p>\n\n\n\n<figure class=\"wp-block-embed is-type-rich is-provider-twitter wp-block-embed-twitter\"><div class=\"wp-block-embed__wrapper\">\n\t\t<div class=\"embed-privacy-container is-disabled embed-x\" data-embed-id=\"oembed_5b7148abeab3a4c2de6beea1e4307b25\" data-embed-provider=\"x\">\t\t\t\t\t\t<button type=\"button\" class=\"embed-privacy-enable screen-reader-text\">Inhalt von X anzeigen<\/button>\t\t\t\t\t\t<div class=\"embed-privacy-overlay\">\t\t\t\t<div class=\"embed-privacy-inner\">\t\t\t\t\t<div class=\"embed-privacy-logo\" style=\"background-image: url(https:\/\/www.patrick-bernau.de\/PatrickBernau\/wp-content\/plugins\/embed-privacy\/assets\/images\/embed-x.png?ver=1.12.3);\"><\/div>\t\t<p>\t\tHier klicken, um den Inhalt von X anzuzeigen.\t\t\t\t\t<br>\t\t\t\t\tErfahre mehr in der <a href=\"https:\/\/x.com\/privacy\" target=\"_blank\">Datenschutzerkl\u00e4rung von X<\/a>.\t\t<\/p>\t\t<p class=\"embed-privacy-input-wrapper\">\t\t\t<input id=\"embed-privacy-store-x-5b7148abeab3a4c2de6beea1e4307b25\" type=\"checkbox\" value=\"1\" class=\"embed-privacy-input\" data-embed-provider=\"x\">\t\t\t<label for=\"embed-privacy-store-x-5b7148abeab3a4c2de6beea1e4307b25\" class=\"embed-privacy-label\" data-embed-provider=\"x\">\t\t\t\tInhalt von X immer anzeigen\t\t\t<\/label>\t\t<\/p>\t\t\t\t\t\t<\/div>\t\t\t\t\t\t\t\t<div class=\"embed-privacy-footer\"><span class=\"embed-privacy-url\"><a href=\"https:\/\/twitter.com\/ard_presseclub\/status\/1416783414934523915\">tweet direkt \u00f6ffnen<\/a><\/span><\/div>\t\t\t<\/div>\t\t\t\t\t\t<div class=\"embed-privacy-content\">\t\t\t\t<script>var _oembed_5b7148abeab3a4c2de6beea1e4307b25 = '{\\\"embed\\\":\\\"&lt;blockquote class=&quot;twitter-tweet&quot; data-width=&quot;550&quot; data-dnt=&quot;true&quot;&gt;&lt;p lang=&quot;de&quot; dir=&quot;ltr&quot;&gt;Was w&uuml;rde sich global &auml;ndern, wenn Deutschland seine Emissionen, die zwei Prozent des weltweiten CO2-Aussto&szlig;es ausmachen, komplett reduziert? &ndash; diese Frage erreichte uns aus unserer &lt;a href=&quot;https:\\\\\/\\\\\/twitter.com\\\\\/hashtag\\\\\/Presseclub?src=hash&amp;amp;ref_src=twsrc%5Etfw&quot;&gt;#Presseclub&lt;\\\\\/a&gt;-Twittercommunity. &lt;a href=&quot;https:\\\\\/\\\\\/twitter.com\\\\\/PatrickBernau?ref_src=twsrc%5Etfw&quot;&gt;@PatrickBernau&lt;\\\\\/a&gt; (&lt;a href=&quot;https:\\\\\/\\\\\/twitter.com\\\\\/FAZ_NET?ref_src=twsrc%5Etfw&quot;&gt;@faz_net&lt;\\\\\/a&gt;) hat dazu eine Meinung: &lt;a href=&quot;https:\\\\\/\\\\\/t.co\\\\\/INdavX6L7x&quot;&gt;pic.twitter.com\\\\\/INdavX6L7x&lt;\\\\\/a&gt;&lt;\\\\\/p&gt;&amp;mdash; Presseclub (@ARD_Presseclub) &lt;a href=&quot;https:\\\\\/\\\\\/twitter.com\\\\\/ARD_Presseclub\\\\\/status\\\\\/1416783414934523915?ref_src=twsrc%5Etfw&quot;&gt;July 18, 2021&lt;\\\\\/a&gt;&lt;\\\\\/blockquote&gt;&lt;script async src=&quot;https:\\\\\/\\\\\/platform.twitter.com\\\\\/widgets.js&quot; charset=&quot;utf-8&quot;&gt;&lt;\\\\\/script&gt;\\\"}';<\/script>\t\t\t<\/div>\t\t<\/div>\t\t\n<\/div><\/figure>\n\n\n\n<p>Die komplette Sendung:<\/p>\n\n\n\n<figure class=\"wp-block-embed is-type-video is-provider-youtube wp-block-embed-youtube wp-embed-aspect-16-9 wp-has-aspect-ratio\"><div class=\"wp-block-embed__wrapper\">\n\t\t<div class=\"embed-privacy-container is-disabled embed-youtube\" data-embed-id=\"oembed_7e571cfa23cd14b9681c371ba7af7efd\" data-embed-provider=\"youtube\" style=\"aspect-ratio: 780\/439;\">\t\t\t\t\t\t<button type=\"button\" class=\"embed-privacy-enable screen-reader-text\">\u201eFlutkatastrophe und Sahara-Hitze: Welche Klimapolitik brauchen wir? | ARD-Presseclub\u201c von YouTube anzeigen<\/button>\t\t\t\t\t\t<div class=\"embed-privacy-overlay\">\t\t\t\t<div class=\"embed-privacy-inner\">\t\t\t\t\t<div class=\"embed-privacy-logo\" style=\"background-image: url(https:\/\/www.patrick-bernau.de\/PatrickBernau\/wp-content\/plugins\/embed-privacy\/assets\/images\/embed-youtube.png?ver=1.12.3);\"><\/div>\t\t<p>\t\tHier klicken, um den Inhalt von YouTube anzuzeigen.\t\t\t\t\t<br>\t\t\t\t\tErfahre mehr in der <a href=\"https:\/\/policies.google.com\/privacy?hl=de\" target=\"_blank\">Datenschutzerkl\u00e4rung von YouTube<\/a>.\t\t<\/p>\t\t<p class=\"embed-privacy-input-wrapper\">\t\t\t<input id=\"embed-privacy-store-youtube-7e571cfa23cd14b9681c371ba7af7efd\" type=\"checkbox\" value=\"1\" class=\"embed-privacy-input\" data-embed-provider=\"youtube\">\t\t\t<label for=\"embed-privacy-store-youtube-7e571cfa23cd14b9681c371ba7af7efd\" class=\"embed-privacy-label\" data-embed-provider=\"youtube\">\t\t\t\tInhalt von YouTube immer anzeigen\t\t\t<\/label>\t\t<\/p>\t\t\t\t\t\t<\/div>\t\t\t\t\t\t\t\t<div class=\"embed-privacy-footer\"><span class=\"embed-privacy-url\"><a href=\"https:\/\/www.youtube.com\/watch?v=qHgr4Xh-eug\">\u201eFlutkatastrophe und Sahara-Hitze: Welche Klimapolitik brauchen wir? | ARD-Presseclub\u201c direkt \u00f6ffnen<\/a><\/span><\/div>\t\t\t<\/div>\t\t\t\t\t\t<div class=\"embed-privacy-content\">\t\t\t\t<script>var _oembed_7e571cfa23cd14b9681c371ba7af7efd = '{\\\"embed\\\":\\\"&lt;iframe title=&quot;Flutkatastrophe und Sahara-Hitze: Welche Klimapolitik brauchen wir? | ARD-Presseclub&quot; width=&quot;780&quot; height=&quot;439&quot; src=&quot;https:\\\\\/\\\\\/www.youtube-nocookie.com\\\\\/embed\\\\\/qHgr4Xh-eug?feature=oembed&quot; frameborder=&quot;0&quot; allow=&quot;accelerometer; autoplay; clipboard-write; encrypted-media; gyroscope; picture-in-picture; web-share&quot; referrerpolicy=&quot;strict-origin-when-cross-origin&quot; allowfullscreen&gt;&lt;\\\\\/iframe&gt;\\\"}';<\/script>\t\t\t<\/div>\t\t<\/div>\t\t\n<\/div><\/figure>\n","protected":false},"excerpt":{"rendered":"<p>Nach der Flutkatastrophe in Nordrhein-Westfalen und Rheinland-Pfalz, nach D\u00fcrren und Hitzewellen r\u00fcckt der Klimawandel in die Diskussion &#8211; so auch im ARD-Presseclub. Dort diskutierten wir dar\u00fcber, ob das schon die Auswirkungen des Klimawandels sind und ob das j\u00fcngste EU-Klimapaket das richtige Mittel ist. <a class=\"more-link\" href=\"https:\/\/www.patrick-bernau.de\/PatrickBernau\/2021\/07\/im-presseclub-welche-klimapolitik-brauchen-wir\/\">Mehr &#8230;<\/a><\/p>\n","protected":false},"author":1,"featured_media":0,"comment_status":"closed","ping_status":"open","sticky":false,"template":"","format":"standard","meta":{"footnotes":"","_links_to":"","_links_to_target":""},"categories":[101],"tags":[1334,948,1167],"class_list":["post-5101","post","type-post","status-publish","format-standard","hentry","category-termine","tag-klimaschutz","tag-presseclub","tag-wirtschaftspolitik"],"aioseo_notices":[],"_links":{"self":[{"href":"https:\/\/www.patrick-bernau.de\/PatrickBernau\/wp-json\/wp\/v2\/posts\/5101","targetHints":{"allow":["GET"]}}],"collection":[{"href":"https:\/\/www.patrick-bernau.de\/PatrickBernau\/wp-json\/wp\/v2\/posts"}],"about":[{"href":"https:\/\/www.patrick-bernau.de\/PatrickBernau\/wp-json\/wp\/v2\/types\/post"}],"author":[{"embeddable":true,"href":"https:\/\/www.patrick-bernau.de\/PatrickBernau\/wp-json\/wp\/v2\/users\/1"}],"replies":[{"embeddable":true,"href":"https:\/\/www.patrick-bernau.de\/PatrickBernau\/wp-json\/wp\/v2\/comments?post=5101"}],"version-history":[{"count":1,"href":"https:\/\/www.patrick-bernau.de\/PatrickBernau\/wp-json\/wp\/v2\/posts\/5101\/revisions"}],"predecessor-version":[{"id":5102,"href":"https:\/\/www.patrick-bernau.de\/PatrickBernau\/wp-json\/wp\/v2\/posts\/5101\/revisions\/5102"}],"wp:attachment":[{"href":"https:\/\/www.patrick-bernau.de\/PatrickBernau\/wp-json\/wp\/v2\/media?parent=5101"}],"wp:term":[{"taxonomy":"category","embeddable":true,"href":"https:\/\/www.patrick-bernau.de\/PatrickBernau\/wp-json\/wp\/v2\/categories?post=5101"},{"taxonomy":"post_tag","embeddable":true,"href":"https:\/\/www.patrick-bernau.de\/PatrickBernau\/wp-json\/wp\/v2\/tags?post=5101"}],"curies":[{"name":"wp","href":"https:\/\/api.w.org\/{rel}","templated":true}]}}