{"id":4659,"date":"2020-10-11T13:02:00","date_gmt":"2020-10-11T11:02:00","guid":{"rendered":"http:\/\/www.patrick-bernau.de\/PatrickBernau\/?p=4659"},"modified":"2021-08-08T20:28:04","modified_gmt":"2021-08-08T18:28:04","slug":"streiken-trotz-corona-legitim-oder-verantwortungslos-im-presseclub","status":"publish","type":"post","link":"https:\/\/www.patrick-bernau.de\/PatrickBernau\/2020\/10\/streiken-trotz-corona-legitim-oder-verantwortungslos-im-presseclub\/","title":{"rendered":"Im Presseclub: Streiken trotz Corona \u2013 Legitim oder verantwortungslos?"},"content":{"rendered":"\n<p>&#8222;Streiken trotz Corona: Legitim oder verantwortungslos?&#8220; \u2013 so fragte der ARD-Presseclub am 11. Oktober aus Anlass von Tarifverhandlungen und Warnstreiks im \u00d6ffentlichen Dienst. Ich vertrat die Position, dass der \u00f6ffentliche Dienst eine differenzierte Tariferh\u00f6hung braucht: Mangelberufe wie Krankenpfleger oder Erzieher m\u00fcssten mehr verdienen, aber nicht alle. <\/p>\n\n\n\n<p>Zudem k\u00f6nne man \u00fcber die Krankenpflege anders sprechen als bisher: Mit mehr Anerkennung f\u00fcr Stress und Verantwortung, aber auch von \u00fcberdurchschnittlichen Geh\u00e4ltern.<\/p>\n\n\n\n<p>In der Diskussion waren: <\/p>\n\n\n\n<ul class=\"wp-block-list\"><li>Sonja \u00c1lvarez, Wirtschaftswoche<\/li><li>Patrick Bernau, Frankfurter Allgemeine Sonntagszeitung<\/li><li>Maike Rademaker, freie Journalistin<\/li><li>Henrike Ro\u00dfbach, S\u00fcddeutsche Zeitung<\/li><\/ul>\n\n\n\n<figure class=\"wp-block-embed-twitter wp-block-embed is-type-rich is-provider-twitter\"><div class=\"wp-block-embed__wrapper\">\n\t\t<div class=\"embed-privacy-container is-disabled embed-x\" data-embed-id=\"oembed_010b04d90dcf1513117d45aa9f0a60a0\" data-embed-provider=\"x\">\t\t\t\t\t\t<button type=\"button\" class=\"embed-privacy-enable screen-reader-text\">Inhalt von X anzeigen<\/button>\t\t\t\t\t\t<div class=\"embed-privacy-overlay\">\t\t\t\t<div class=\"embed-privacy-inner\">\t\t\t\t\t<div class=\"embed-privacy-logo\" style=\"background-image: url(https:\/\/www.patrick-bernau.de\/PatrickBernau\/wp-content\/plugins\/embed-privacy\/assets\/images\/embed-x.png?ver=1.12.3);\"><\/div>\t\t<p>\t\tHier klicken, um den Inhalt von X anzuzeigen.\t\t\t\t\t<br>\t\t\t\t\tErfahre mehr in der <a href=\"https:\/\/x.com\/privacy\" target=\"_blank\">Datenschutzerkl\u00e4rung von X<\/a>.\t\t<\/p>\t\t<p class=\"embed-privacy-input-wrapper\">\t\t\t<input id=\"embed-privacy-store-x-010b04d90dcf1513117d45aa9f0a60a0\" type=\"checkbox\" value=\"1\" class=\"embed-privacy-input\" data-embed-provider=\"x\">\t\t\t<label for=\"embed-privacy-store-x-010b04d90dcf1513117d45aa9f0a60a0\" class=\"embed-privacy-label\" data-embed-provider=\"x\">\t\t\t\tInhalt von X immer anzeigen\t\t\t<\/label>\t\t<\/p>\t\t\t\t\t\t<\/div>\t\t\t\t\t\t\t\t<div class=\"embed-privacy-footer\"><span class=\"embed-privacy-url\"><a href=\"https:\/\/twitter.com\/ARD_Presseclub\/status\/1315283332951937024\">tweet direkt \u00f6ffnen<\/a><\/span><\/div>\t\t\t<\/div>\t\t\t\t\t\t<div class=\"embed-privacy-content\">\t\t\t\t<script>var _oembed_010b04d90dcf1513117d45aa9f0a60a0 = '{\\\"embed\\\":\\\"&lt;blockquote class=&quot;twitter-tweet&quot; data-width=&quot;550&quot; data-dnt=&quot;true&quot;&gt;&lt;p lang=&quot;de&quot; dir=&quot;ltr&quot;&gt;Knapp f&uuml;nf Prozent mehr Gehalt f&uuml;r alle Besch&auml;ftigten im &ouml;ffentlichen Dienst findet &lt;a href=&quot;https:\\\\\/\\\\\/twitter.com\\\\\/PatrickBernau?ref_src=twsrc%5Etfw&quot;&gt;@PatrickBernau&lt;\\\\\/a&gt; unangebracht. Er pl&auml;diert f&uuml;r eine andere L&ouml;sung. &lt;a href=&quot;https:\\\\\/\\\\\/twitter.com\\\\\/hashtag\\\\\/presseclub?src=hash&amp;amp;ref_src=twsrc%5Etfw&quot;&gt;#presseclub&lt;\\\\\/a&gt; &lt;a href=&quot;https:\\\\\/\\\\\/twitter.com\\\\\/tagesschau?ref_src=twsrc%5Etfw&quot;&gt;@tagesschau&lt;\\\\\/a&gt; &lt;a href=&quot;https:\\\\\/\\\\\/twitter.com\\\\\/phoenix_de?ref_src=twsrc%5Etfw&quot;&gt;@phoenix_de&lt;\\\\\/a&gt; &lt;a href=&quot;https:\\\\\/\\\\\/twitter.com\\\\\/faznet?ref_src=twsrc%5Etfw&quot;&gt;@faznet&lt;\\\\\/a&gt; &lt;a href=&quot;https:\\\\\/\\\\\/twitter.com\\\\\/_verdi?ref_src=twsrc%5Etfw&quot;&gt;@_verdi&lt;\\\\\/a&gt; &lt;a href=&quot;https:\\\\\/\\\\\/twitter.com\\\\\/dgb_news?ref_src=twsrc%5Etfw&quot;&gt;@dgb_news&lt;\\\\\/a&gt; &lt;a href=&quot;https:\\\\\/\\\\\/t.co\\\\\/2l53dBgWeL&quot;&gt;pic.twitter.com\\\\\/2l53dBgWeL&lt;\\\\\/a&gt;&lt;\\\\\/p&gt;&amp;mdash; Presseclub (@ARD_Presseclub) &lt;a href=&quot;https:\\\\\/\\\\\/twitter.com\\\\\/ARD_Presseclub\\\\\/status\\\\\/1315283332951937024?ref_src=twsrc%5Etfw&quot;&gt;October 11, 2020&lt;\\\\\/a&gt;&lt;\\\\\/blockquote&gt;&lt;script async src=&quot;https:\\\\\/\\\\\/platform.twitter.com\\\\\/widgets.js&quot; charset=&quot;utf-8&quot;&gt;&lt;\\\\\/script&gt;\\\"}';<\/script>\t\t\t<\/div>\t\t<\/div>\t\t\n<\/div><\/figure>\n\n\n\n<p>Die ganze Sendung hier:<\/p>\n\n\n\n<figure class=\"wp-block-embed-youtube wp-block-embed is-type-video is-provider-youtube wp-embed-aspect-16-9 wp-has-aspect-ratio\"><div class=\"wp-block-embed__wrapper\">\n\t\t<div class=\"embed-privacy-container is-disabled embed-youtube\" data-embed-id=\"oembed_c45297a061d9e2e24ce0d75c1e5b5451\" data-embed-provider=\"youtube\" style=\"aspect-ratio: 780\/439;\">\t\t\t\t\t\t<button type=\"button\" class=\"embed-privacy-enable screen-reader-text\">\u201eStreiken trotz Corona: legitim oder verantwortungslos? | Presseclub\u201c von YouTube anzeigen<\/button>\t\t\t\t\t\t<div class=\"embed-privacy-overlay\">\t\t\t\t<div class=\"embed-privacy-inner\">\t\t\t\t\t<div class=\"embed-privacy-logo\" style=\"background-image: url(https:\/\/www.patrick-bernau.de\/PatrickBernau\/wp-content\/plugins\/embed-privacy\/assets\/images\/embed-youtube.png?ver=1.12.3);\"><\/div>\t\t<p>\t\tHier klicken, um den Inhalt von YouTube anzuzeigen.\t\t\t\t\t<br>\t\t\t\t\tErfahre mehr in der <a href=\"https:\/\/policies.google.com\/privacy?hl=de\" target=\"_blank\">Datenschutzerkl\u00e4rung von YouTube<\/a>.\t\t<\/p>\t\t<p class=\"embed-privacy-input-wrapper\">\t\t\t<input id=\"embed-privacy-store-youtube-c45297a061d9e2e24ce0d75c1e5b5451\" type=\"checkbox\" value=\"1\" class=\"embed-privacy-input\" data-embed-provider=\"youtube\">\t\t\t<label for=\"embed-privacy-store-youtube-c45297a061d9e2e24ce0d75c1e5b5451\" class=\"embed-privacy-label\" data-embed-provider=\"youtube\">\t\t\t\tInhalt von YouTube immer anzeigen\t\t\t<\/label>\t\t<\/p>\t\t\t\t\t\t<\/div>\t\t\t\t\t\t\t\t<div class=\"embed-privacy-footer\"><span class=\"embed-privacy-url\"><a href=\"https:\/\/www.youtube.com\/watch?v=FUAsmz3SQ7s\">\u201eStreiken trotz Corona: legitim oder verantwortungslos? | Presseclub\u201c direkt \u00f6ffnen<\/a><\/span><\/div>\t\t\t<\/div>\t\t\t\t\t\t<div class=\"embed-privacy-content\">\t\t\t\t<script>var _oembed_c45297a061d9e2e24ce0d75c1e5b5451 = '{\\\"embed\\\":\\\"&lt;iframe title=&quot;Streiken trotz Corona: legitim oder verantwortungslos? | Presseclub&quot; width=&quot;780&quot; height=&quot;439&quot; src=&quot;https:\\\\\/\\\\\/www.youtube-nocookie.com\\\\\/embed\\\\\/FUAsmz3SQ7s?feature=oembed&quot; frameborder=&quot;0&quot; allow=&quot;accelerometer; autoplay; clipboard-write; encrypted-media; gyroscope; picture-in-picture; web-share&quot; referrerpolicy=&quot;strict-origin-when-cross-origin&quot; allowfullscreen&gt;&lt;\\\\\/iframe&gt;\\\"}';<\/script>\t\t\t<\/div>\t\t<\/div>\t\t\n<\/div><\/figure>\n","protected":false},"excerpt":{"rendered":"<p>&#8222;Streiken trotz Corona: Legitim oder verantwortungslos?&#8220; \u2013 so fragte der ARD-Presseclub am 11. Oktober aus Anlass von Tarifverhandlungen und Warnstreiks im \u00d6ffentlichen Dienst. <a class=\"more-link\" href=\"https:\/\/www.patrick-bernau.de\/PatrickBernau\/2020\/10\/streiken-trotz-corona-legitim-oder-verantwortungslos-im-presseclub\/\">Mehr &#8230;<\/a><\/p>\n","protected":false},"author":1,"featured_media":4663,"comment_status":"closed","ping_status":"open","sticky":false,"template":"","format":"standard","meta":{"footnotes":"","_links_to":"","_links_to_target":""},"categories":[101],"tags":[636,1381,948],"class_list":["post-4659","post","type-post","status-publish","format-standard","has-post-thumbnail","hentry","category-termine","tag-arbeitsmarkt","tag-oeffentlicher-dienst","tag-presseclub"],"aioseo_notices":[],"_links":{"self":[{"href":"https:\/\/www.patrick-bernau.de\/PatrickBernau\/wp-json\/wp\/v2\/posts\/4659","targetHints":{"allow":["GET"]}}],"collection":[{"href":"https:\/\/www.patrick-bernau.de\/PatrickBernau\/wp-json\/wp\/v2\/posts"}],"about":[{"href":"https:\/\/www.patrick-bernau.de\/PatrickBernau\/wp-json\/wp\/v2\/types\/post"}],"author":[{"embeddable":true,"href":"https:\/\/www.patrick-bernau.de\/PatrickBernau\/wp-json\/wp\/v2\/users\/1"}],"replies":[{"embeddable":true,"href":"https:\/\/www.patrick-bernau.de\/PatrickBernau\/wp-json\/wp\/v2\/comments?post=4659"}],"version-history":[{"count":3,"href":"https:\/\/www.patrick-bernau.de\/PatrickBernau\/wp-json\/wp\/v2\/posts\/4659\/revisions"}],"predecessor-version":[{"id":4801,"href":"https:\/\/www.patrick-bernau.de\/PatrickBernau\/wp-json\/wp\/v2\/posts\/4659\/revisions\/4801"}],"wp:featuredmedia":[{"embeddable":true,"href":"https:\/\/www.patrick-bernau.de\/PatrickBernau\/wp-json\/wp\/v2\/media\/4663"}],"wp:attachment":[{"href":"https:\/\/www.patrick-bernau.de\/PatrickBernau\/wp-json\/wp\/v2\/media?parent=4659"}],"wp:term":[{"taxonomy":"category","embeddable":true,"href":"https:\/\/www.patrick-bernau.de\/PatrickBernau\/wp-json\/wp\/v2\/categories?post=4659"},{"taxonomy":"post_tag","embeddable":true,"href":"https:\/\/www.patrick-bernau.de\/PatrickBernau\/wp-json\/wp\/v2\/tags?post=4659"}],"curies":[{"name":"wp","href":"https:\/\/api.w.org\/{rel}","templated":true}]}}