{"id":3497,"date":"2018-03-28T21:16:26","date_gmt":"2018-03-28T19:16:26","guid":{"rendered":"http:\/\/www.patrick-bernau.de\/PatrickBernau\/?p=3497"},"modified":"2024-03-08T19:51:55","modified_gmt":"2024-03-08T18:51:55","slug":"das-ifp-kommentarseminar","status":"publish","type":"post","link":"https:\/\/www.patrick-bernau.de\/PatrickBernau\/2018\/03\/das-ifp-kommentarseminar\/","title":{"rendered":"Das ifp-Kommentarseminar"},"content":{"rendered":"<p>Kommentare zu schreiben, ist f\u00fcr Anf\u00e4nger nicht immer leicht. Am &#8222;Institut zur F\u00f6rderung publizistischen Nachwuchses e.V.&#8220;, der katholischen Journalistenschule in M\u00fcnchen, haben wir ein einfaches Rezept f\u00fcr die ersten Kommentare vorgestellt und ge\u00fcbt.<\/p>\n<div class=\"embed-privacy-container is-disabled embed-prezi-com\" data-embed-id=\"oembed_2c8e655c9b0e6467de305cca02c10319\" data-embed-provider=\"prezi-com\" style=\"aspect-ratio: 550\/400;\">\t\t\t\t\t\t<button type=\"button\" class=\"embed-privacy-enable screen-reader-text\">Inhalt von prezi.com anzeigen<\/button>\t\t\t\t\t\t<\/p>\n<div class=\"embed-privacy-overlay\">\n<div class=\"embed-privacy-inner\">\n<p>\t\tHier klicken, um den Inhalt von prezi.com anzuzeigen.\t\t<\/p>\n<p class=\"embed-privacy-input-wrapper\">\t\t\t<input id=\"embed-privacy-store-prezi-com-2c8e655c9b0e6467de305cca02c10319\" type=\"checkbox\" value=\"1\" class=\"embed-privacy-input\" data-embed-provider=\"prezi-com\">\t\t\t<label for=\"embed-privacy-store-prezi-com-2c8e655c9b0e6467de305cca02c10319\" class=\"embed-privacy-label\" data-embed-provider=\"prezi-com\">\t\t\t\tInhalt von prezi.com immer anzeigen\t\t\t<\/label>\t\t<\/p>\n<\/p><\/div>\n<div class=\"embed-privacy-footer\"><span class=\"embed-privacy-url\"><a href=\"https:\/\/prezi.com\/view\/iUZu468KjvSBeYMbQE9E\/embed\">Inhalt direkt \u00f6ffnen<\/a><\/span><\/div>\n<\/p><\/div>\n<div class=\"embed-privacy-content\">\t\t\t\t<script>var _oembed_2c8e655c9b0e6467de305cca02c10319 = '{\\\"embed\\\":\\\"&lt;iframe src=&quot;https:\\\\\/\\\\\/prezi.com\\\\\/view\\\\\/iUZu468KjvSBeYMbQE9E\\\\\/embed&quot; width=&quot;550&quot; height=&quot;400&quot; allowfullscreen=&quot;allowfullscreen&quot;&gt;&lt;\\\\\/iframe&gt;\\\"}';<\/script>\t\t\t<\/div>\n<\/p><\/div>\n<\/p>\n<h2>&#8230; und das habt ihr gelernt &#8211; eure Ein-Satz-Zusammenfassungen<\/h2>\n<ul>\n<li>\u2026 wie man einen Kommentar am besten aufbaut.<\/li>\n<li>\u2026 dass ein Kurzkommentar am besten nur ein Argument hat.<\/li>\n<li>\u2026 dass man die Gegenthese nicht vergessen darf<\/li>\n<li>\u2026\u00a0Meinung am Anfang stehen und deutlich sein soll<\/li>\n<li>\u2026 nicht zu viele Gedanken in einen Kommentar zu werfen<\/li>\n<li>\u2026 dass man das st\u00e4rkste Gegenargument widerlegen muss<\/li>\n<li>\u2026 dass ein Kommentar eine Meinung braucht<\/li>\n<li>\u2026 dass man ab und an einen Punkt setzen sollte<\/li>\n<li>\u2026 dass man eine These festhalten sollte<\/li>\n<li>\u2026 dass das Argument der Gegenseite zu meinem st\u00e4rksten werden kann<\/li>\n<li>\u2026 dass man eine klare Struktur braucht<\/li>\n<li>\u2026 dass das Argument in den Hauptsatz kommt<\/li>\n<li>\u2026 dass ich absolut klar formulieren muss, weil mir der Leser nicht in den Kopf schauen kann<\/li>\n<li>\u2026 dass man sich in einem Kommentar auf das st\u00e4rkste Argument beschr\u00e4nkt<\/li>\n<\/ul>\n<p>\nEuer Feedback war super, vielen Dank!<\/p>\n","protected":false},"excerpt":{"rendered":"<p>Das Kommentar-Seminar am ifp in M\u00fcnchen gab Studenten ein einfaches Rezept f\u00fcr ihre ersten Kommentare. <a class=\"more-link\" href=\"https:\/\/www.patrick-bernau.de\/PatrickBernau\/2018\/03\/das-ifp-kommentarseminar\/\">Mehr &#8230;<\/a><\/p>\n","protected":false},"author":1,"featured_media":0,"comment_status":"closed","ping_status":"open","sticky":false,"template":"","format":"standard","meta":{"footnotes":"","_links_to":"","_links_to_target":""},"categories":[101],"tags":[718,711,702],"class_list":["post-3497","post","type-post","status-publish","format-standard","hentry","category-termine","tag-ausbildung","tag-journalismus","tag-kommentar"],"aioseo_notices":[],"_links":{"self":[{"href":"https:\/\/www.patrick-bernau.de\/PatrickBernau\/wp-json\/wp\/v2\/posts\/3497","targetHints":{"allow":["GET"]}}],"collection":[{"href":"https:\/\/www.patrick-bernau.de\/PatrickBernau\/wp-json\/wp\/v2\/posts"}],"about":[{"href":"https:\/\/www.patrick-bernau.de\/PatrickBernau\/wp-json\/wp\/v2\/types\/post"}],"author":[{"embeddable":true,"href":"https:\/\/www.patrick-bernau.de\/PatrickBernau\/wp-json\/wp\/v2\/users\/1"}],"replies":[{"embeddable":true,"href":"https:\/\/www.patrick-bernau.de\/PatrickBernau\/wp-json\/wp\/v2\/comments?post=3497"}],"version-history":[{"count":4,"href":"https:\/\/www.patrick-bernau.de\/PatrickBernau\/wp-json\/wp\/v2\/posts\/3497\/revisions"}],"predecessor-version":[{"id":3521,"href":"https:\/\/www.patrick-bernau.de\/PatrickBernau\/wp-json\/wp\/v2\/posts\/3497\/revisions\/3521"}],"wp:attachment":[{"href":"https:\/\/www.patrick-bernau.de\/PatrickBernau\/wp-json\/wp\/v2\/media?parent=3497"}],"wp:term":[{"taxonomy":"category","embeddable":true,"href":"https:\/\/www.patrick-bernau.de\/PatrickBernau\/wp-json\/wp\/v2\/categories?post=3497"},{"taxonomy":"post_tag","embeddable":true,"href":"https:\/\/www.patrick-bernau.de\/PatrickBernau\/wp-json\/wp\/v2\/tags?post=3497"}],"curies":[{"name":"wp","href":"https:\/\/api.w.org\/{rel}","templated":true}]}}