{"id":283,"date":"2010-02-15T01:16:36","date_gmt":"2010-02-15T00:16:36","guid":{"rendered":"http:\/\/www.patrick-bernau.de\/PatrickBernau\/?p=283"},"modified":"2012-04-02T12:12:00","modified_gmt":"2012-04-02T10:12:00","slug":"twitter-grunder-biz-stone-ich-bin-uberverdrahtet","status":"publish","type":"post","link":"https:\/\/www.patrick-bernau.de\/PatrickBernau\/2010\/02\/twitter-grunder-biz-stone-ich-bin-uberverdrahtet\/","title":{"rendered":"Twitter-Gr\u00fcnder Biz Stone: &#8222;Ich bin \u00fcberverdrahtet&#8220;"},"content":{"rendered":"<p>Selbst der Twitter-Gr\u00fcnder hat manchmal das Gef\u00fchl, nicht mehr allen Informationen hinterherzukommen. Doch die Kurznachrichten f\u00f6rderten sogar die Konzentration, behauptet Biz Stone im Interview. <a href=\"http:\/\/www.faz.net\/aktuell\/wirtschaft\/netzwirtschaft\/twitter-gruender-biz-stone-ich-bin-ueberverdrahtet-1941620.html\">Mehr auf FAZ.net<\/a><\/p>\n","protected":false},"excerpt":{"rendered":"<p>Selbst der Twitter-Gr\u00fcnder hat manchmal das Gef\u00fchl, nicht mehr allen Informationen hinterherzukommen. Doch die Kurznachrichten f\u00f6rderten sogar die Konzentration, behauptet Biz Stone im Interview.  <a class=\"more-link\" href=\"https:\/\/www.patrick-bernau.de\/PatrickBernau\/2010\/02\/twitter-grunder-biz-stone-ich-bin-uberverdrahtet\/\">Mehr &#8230;<\/a><\/p>\n","protected":false},"author":1,"featured_media":0,"comment_status":"closed","ping_status":"open","sticky":false,"template":"","format":"standard","meta":{"footnotes":"","_links_to":"","_links_to_target":""},"categories":[4,84,45,1],"tags":[171,56,169,120,170],"class_list":["post-283","post","type-post","status-publish","format-standard","hentry","category-artikel","category-meine-artikel","category-faz","category-zusammenfassung","tag-biz-stone","tag-grunder","tag-information","tag-internet","tag-twitter"],"aioseo_notices":[],"_links":{"self":[{"href":"https:\/\/www.patrick-bernau.de\/PatrickBernau\/wp-json\/wp\/v2\/posts\/283","targetHints":{"allow":["GET"]}}],"collection":[{"href":"https:\/\/www.patrick-bernau.de\/PatrickBernau\/wp-json\/wp\/v2\/posts"}],"about":[{"href":"https:\/\/www.patrick-bernau.de\/PatrickBernau\/wp-json\/wp\/v2\/types\/post"}],"author":[{"embeddable":true,"href":"https:\/\/www.patrick-bernau.de\/PatrickBernau\/wp-json\/wp\/v2\/users\/1"}],"replies":[{"embeddable":true,"href":"https:\/\/www.patrick-bernau.de\/PatrickBernau\/wp-json\/wp\/v2\/comments?post=283"}],"version-history":[{"count":2,"href":"https:\/\/www.patrick-bernau.de\/PatrickBernau\/wp-json\/wp\/v2\/posts\/283\/revisions"}],"predecessor-version":[{"id":882,"href":"https:\/\/www.patrick-bernau.de\/PatrickBernau\/wp-json\/wp\/v2\/posts\/283\/revisions\/882"}],"wp:attachment":[{"href":"https:\/\/www.patrick-bernau.de\/PatrickBernau\/wp-json\/wp\/v2\/media?parent=283"}],"wp:term":[{"taxonomy":"category","embeddable":true,"href":"https:\/\/www.patrick-bernau.de\/PatrickBernau\/wp-json\/wp\/v2\/categories?post=283"},{"taxonomy":"post_tag","embeddable":true,"href":"https:\/\/www.patrick-bernau.de\/PatrickBernau\/wp-json\/wp\/v2\/tags?post=283"}],"curies":[{"name":"wp","href":"https:\/\/api.w.org\/{rel}","templated":true}]}}