{"id":2722,"date":"2015-10-15T00:08:10","date_gmt":"2015-10-14T22:08:10","guid":{"rendered":"http:\/\/www.patrick-bernau.de\/PatrickBernau\/?p=2722"},"modified":"2015-12-14T20:24:53","modified_gmt":"2015-12-14T19:24:53","slug":"kann-deutschland-den-euro-retten-mit-heiner-flassbeck-auf-der-buchmesse","status":"publish","type":"post","link":"https:\/\/www.patrick-bernau.de\/PatrickBernau\/2015\/10\/kann-deutschland-den-euro-retten-mit-heiner-flassbeck-auf-der-buchmesse\/","title":{"rendered":"Kann Deutschland den Euro retten? Mit Heiner Flassbeck auf der Buchmesse"},"content":{"rendered":"<p>&#8222;Nur Deutschland kann den Euro retten&#8220; hei\u00dft das neue Buch von Heiner Flassbeck und Costas Lapavitsas. Einer Meinung waren Flassbeck und ich bisher l\u00e4ngst nicht immer. Umso mehr freue ich mich auf die Diskussion \u00fcber sein Buch<\/p>\n<ul>\n<li>am Donnerstag, 15.10.<\/li>\n<li>um 11 Uhr<\/li>\n<li>am Buchmessenstand der F.A.Z., Halle 3.1, Stand D106.<\/li>\n<\/ul>\n<p>&nbsp;<\/p>\n","protected":false},"excerpt":{"rendered":"<p>&#8222;Nur Deutschland kann den Euro retten&#8220; hei\u00dft das neue Buch von Heiner Flassbeck und Costas Lapavitsas. Einer Meinung waren Flassbeck und ich bisher l\u00e4ngst nicht immer. Umso mehr freue ich mich auf die Diskussion \u00fcber sein Buch. <a class=\"more-link\" href=\"https:\/\/www.patrick-bernau.de\/PatrickBernau\/2015\/10\/kann-deutschland-den-euro-retten-mit-heiner-flassbeck-auf-der-buchmesse\/\">Mehr &#8230;<\/a><\/p>\n","protected":false},"author":1,"featured_media":0,"comment_status":"closed","ping_status":"open","sticky":false,"template":"","format":"standard","meta":{"footnotes":"","_links_to":"","_links_to_target":""},"categories":[101],"tags":[161,163,1185],"class_list":["post-2722","post","type-post","status-publish","format-standard","hentry","category-termine","tag-euro","tag-eurokrise","tag-heiner-flassbeck"],"aioseo_notices":[],"_links":{"self":[{"href":"https:\/\/www.patrick-bernau.de\/PatrickBernau\/wp-json\/wp\/v2\/posts\/2722","targetHints":{"allow":["GET"]}}],"collection":[{"href":"https:\/\/www.patrick-bernau.de\/PatrickBernau\/wp-json\/wp\/v2\/posts"}],"about":[{"href":"https:\/\/www.patrick-bernau.de\/PatrickBernau\/wp-json\/wp\/v2\/types\/post"}],"author":[{"embeddable":true,"href":"https:\/\/www.patrick-bernau.de\/PatrickBernau\/wp-json\/wp\/v2\/users\/1"}],"replies":[{"embeddable":true,"href":"https:\/\/www.patrick-bernau.de\/PatrickBernau\/wp-json\/wp\/v2\/comments?post=2722"}],"version-history":[{"count":1,"href":"https:\/\/www.patrick-bernau.de\/PatrickBernau\/wp-json\/wp\/v2\/posts\/2722\/revisions"}],"predecessor-version":[{"id":2723,"href":"https:\/\/www.patrick-bernau.de\/PatrickBernau\/wp-json\/wp\/v2\/posts\/2722\/revisions\/2723"}],"wp:attachment":[{"href":"https:\/\/www.patrick-bernau.de\/PatrickBernau\/wp-json\/wp\/v2\/media?parent=2722"}],"wp:term":[{"taxonomy":"category","embeddable":true,"href":"https:\/\/www.patrick-bernau.de\/PatrickBernau\/wp-json\/wp\/v2\/categories?post=2722"},{"taxonomy":"post_tag","embeddable":true,"href":"https:\/\/www.patrick-bernau.de\/PatrickBernau\/wp-json\/wp\/v2\/tags?post=2722"}],"curies":[{"name":"wp","href":"https:\/\/api.w.org\/{rel}","templated":true}]}}