{"id":256,"date":"2008-05-15T00:35:21","date_gmt":"2008-05-14T22:35:21","guid":{"rendered":"http:\/\/www.patrick-bernau.de\/PatrickBernau\/?p=256"},"modified":"2012-04-02T12:10:43","modified_gmt":"2012-04-02T10:10:43","slug":"erklar-mir-die-welt","status":"publish","type":"post","link":"https:\/\/www.patrick-bernau.de\/PatrickBernau\/2008\/05\/erklar-mir-die-welt\/","title":{"rendered":"Erkl\u00e4r mir die Welt"},"content":{"rendered":"<p><img loading=\"lazy\" decoding=\"async\" class=\"alignleft size-full wp-image-259\" title=\"Erkl\u00e4r mir die Welt\" src=\"https:\/\/www.patrick-bernau.de\/PatrickBernau\/wp-content\/uploads\/2012\/03\/ErklaerMirDieWelt1.jpg\" alt=\"Buchcover &quot;Erkl\u00e4r mir die Welt&quot;\" width=\"168\" height=\"250\" \/><\/p>\n<p><em>Herausgegeben von Rainer Hank, mit Beitr\u00e4gen von Patrick Bernau<\/em><\/p>\n<p>Schwierig, spr\u00f6de, kalt und zu allem \u00dcberfluss h\u00e4ufig auch noch ziemlich langweilig \u2013 so denken viele Menschen \u00fcber Wirtschaftsthemen und machen lieber einen gro\u00dfen Bogen darum.<\/p>\n<p>Doch sp\u00fcrt jeder insgeheim: Wirtschaftgeht uns alle an. Wenn die Konjunktur stottert, k\u00f6nnte mein Job gef\u00e4hrdet sein. Wenn die Inflationsrate steigt, ist mein Geld weniger wert. Und wenn mein Nachbar sehr viel mehr verdient als ich, obwohl ich mich genauso anstrenge wie er, werde ich mich auf Dauer ziemlich ungl\u00fccklich f\u00fchlen.<\/p>\n<p>Namhafte Autoren der Frankfurter\u00a0Allgemeinen Zeitung zeigen, dass es m\u00f6glich ist, Wirtschaft unterhaltsam und zugleich verst\u00e4ndlich zu pr\u00e4sentieren. Zur Sprache kommen alle nur scheinbar simplen Fragen rund um den vielf\u00e4ltigen Kosmos der Wirtschaft: Warum gibt es Jeans f\u00fcr 9 und f\u00fcr 900 Euro? Warum ist Wettbewerb so unbeliebt? Und\u00a0warum kostet die Cola am Flughafen mehr als im Supermarkt?<\/p>\n<p><a href=\"http:\/\/www.amazon.de\/Erkl%C3%A4r-Welt-Wirtschaft-wissen-wollten\/dp\/3899811569\">Rainer Hank (Hg.) Erkl\u00e4r mir die Welt, Frankfurter Allgemeine Buch, 2010, 24,90 Euro<\/a>.<\/p>\n","protected":false},"excerpt":{"rendered":"<p>Namhafte Autoren der Frankfurter Allgemeinen Zeitung zeigen, dass es m\u00f6glich ist, Wirtschaft unterhaltsam und zugleich verst\u00e4ndlich zu pr\u00e4sentieren.  <a class=\"more-link\" href=\"https:\/\/www.patrick-bernau.de\/PatrickBernau\/2008\/05\/erklar-mir-die-welt\/\">Mehr &#8230;<\/a><\/p>\n","protected":false},"author":1,"featured_media":259,"comment_status":"closed","ping_status":"open","sticky":false,"template":"","format":"standard","meta":{"footnotes":"","_links_to":"","_links_to_target":""},"categories":[100,1],"tags":[37,144,78],"class_list":["post-256","post","type-post","status-publish","format-standard","has-post-thumbnail","hentry","category-bucher","category-zusammenfassung","tag-buch","tag-erklar-mir-die-welt","tag-wirtschaft"],"aioseo_notices":[],"_links":{"self":[{"href":"https:\/\/www.patrick-bernau.de\/PatrickBernau\/wp-json\/wp\/v2\/posts\/256","targetHints":{"allow":["GET"]}}],"collection":[{"href":"https:\/\/www.patrick-bernau.de\/PatrickBernau\/wp-json\/wp\/v2\/posts"}],"about":[{"href":"https:\/\/www.patrick-bernau.de\/PatrickBernau\/wp-json\/wp\/v2\/types\/post"}],"author":[{"embeddable":true,"href":"https:\/\/www.patrick-bernau.de\/PatrickBernau\/wp-json\/wp\/v2\/users\/1"}],"replies":[{"embeddable":true,"href":"https:\/\/www.patrick-bernau.de\/PatrickBernau\/wp-json\/wp\/v2\/comments?post=256"}],"version-history":[{"count":6,"href":"https:\/\/www.patrick-bernau.de\/PatrickBernau\/wp-json\/wp\/v2\/posts\/256\/revisions"}],"predecessor-version":[{"id":871,"href":"https:\/\/www.patrick-bernau.de\/PatrickBernau\/wp-json\/wp\/v2\/posts\/256\/revisions\/871"}],"wp:featuredmedia":[{"embeddable":true,"href":"https:\/\/www.patrick-bernau.de\/PatrickBernau\/wp-json\/wp\/v2\/media\/259"}],"wp:attachment":[{"href":"https:\/\/www.patrick-bernau.de\/PatrickBernau\/wp-json\/wp\/v2\/media?parent=256"}],"wp:term":[{"taxonomy":"category","embeddable":true,"href":"https:\/\/www.patrick-bernau.de\/PatrickBernau\/wp-json\/wp\/v2\/categories?post=256"},{"taxonomy":"post_tag","embeddable":true,"href":"https:\/\/www.patrick-bernau.de\/PatrickBernau\/wp-json\/wp\/v2\/tags?post=256"}],"curies":[{"name":"wp","href":"https:\/\/api.w.org\/{rel}","templated":true}]}}