{"id":1686,"date":"2013-07-10T00:47:58","date_gmt":"2013-07-09T22:47:58","guid":{"rendered":"http:\/\/www.patrick-bernau.de\/PatrickBernau\/?p=1686"},"modified":"2013-11-18T16:36:07","modified_gmt":"2013-11-18T15:36:07","slug":"hacker-sichere-energieversorgung","status":"publish","type":"post","link":"https:\/\/www.patrick-bernau.de\/PatrickBernau\/2013\/07\/hacker-sichere-energieversorgung\/","title":{"rendered":"Hacker-sichere Energieversorgung"},"content":{"rendered":"<p><a href=\"https:\/\/www.patrick-bernau.de\/PatrickBernau\/wp-content\/uploads\/2013\/06\/energy-8317-web.jpg\"><img loading=\"lazy\" decoding=\"async\" class=\"alignleft size-medium wp-image-1714\" alt=\"energy-8317-web\" src=\"https:\/\/www.patrick-bernau.de\/PatrickBernau\/wp-content\/uploads\/2013\/06\/energy-8317-web-300x199.jpg\" width=\"300\" height=\"199\" srcset=\"https:\/\/www.patrick-bernau.de\/PatrickBernau\/wp-content\/uploads\/2013\/06\/energy-8317-web-300x199.jpg 300w, https:\/\/www.patrick-bernau.de\/PatrickBernau\/wp-content\/uploads\/2013\/06\/energy-8317-web.jpg 709w\" sizes=\"auto, (max-width: 300px) 100vw, 300px\" \/><\/a>Wie k\u00f6nnen wir unsere Energieversorgung sichern? Welche Voraussetzungen gibt es in internationaler Politik, in der IT-Sicherheit und in Umweltfragen?<\/p>\n<p>Auf der &#8222;<a href=\"http:\/\/www.faz-forum.com\/security\/index.php\">Energy Security<\/a>&#8222;-Konferenz des &#8222;Frankfurter Allgemeine Forum&#8220; ging es um diese Fragen. Ein Panel besch\u00e4ftigte sich speziell mit Hackern: Sie sind in vielen Feldern aktiv, auch in der Energieversorgung. Was bedeutet das f\u00fcr unsere Energiesicherheit? Wie k\u00f6nnen wir uns sch\u00fctzen?<\/p>\n<ul>\n<li>Marc Elsberg, Autor des Thrillers &#8222;<a href=\"http:\/\/www.blackout-das-buch.de\/index.html\">Blackout<\/a>&#8222;, erz\u00e4hlte davon, wie schlimm die Folgen eines einw\u00f6chigen Stromausfalls sein k\u00f6nnen. Sein Buch ist zum Lesen empfohlen!<\/li>\n<li>Karsten Nohl, IT-Sicherheitsexperte, erz\u00e4hlte, wie verwundbar unsere Netze sind.<\/li>\n<\/ul>\n<p>Foto: Frankfurter Allgemeine Forum<\/p>\n","protected":false},"excerpt":{"rendered":"<p>Hacker sind in vielen Feldern aktiv, auch in der Energieversorgung. Was bedeutet das f\u00fcr unsere Energiesicherheit? Wie k\u00f6nnen wir uns sch\u00fctzen? <a class=\"more-link\" href=\"https:\/\/www.patrick-bernau.de\/PatrickBernau\/2013\/07\/hacker-sichere-energieversorgung\/\">Mehr &#8230;<\/a><\/p>\n","protected":false},"author":1,"featured_media":1714,"comment_status":"closed","ping_status":"open","sticky":false,"template":"","format":"standard","meta":{"footnotes":"","_links_to":"","_links_to_target":""},"categories":[101],"tags":[1008,568,1009,1010,203],"class_list":["post-1686","post","type-post","status-publish","format-standard","has-post-thumbnail","hentry","category-termine","tag-energie","tag-hacker","tag-informationstechnik","tag-it","tag-sicherheit"],"aioseo_notices":[],"_links":{"self":[{"href":"https:\/\/www.patrick-bernau.de\/PatrickBernau\/wp-json\/wp\/v2\/posts\/1686","targetHints":{"allow":["GET"]}}],"collection":[{"href":"https:\/\/www.patrick-bernau.de\/PatrickBernau\/wp-json\/wp\/v2\/posts"}],"about":[{"href":"https:\/\/www.patrick-bernau.de\/PatrickBernau\/wp-json\/wp\/v2\/types\/post"}],"author":[{"embeddable":true,"href":"https:\/\/www.patrick-bernau.de\/PatrickBernau\/wp-json\/wp\/v2\/users\/1"}],"replies":[{"embeddable":true,"href":"https:\/\/www.patrick-bernau.de\/PatrickBernau\/wp-json\/wp\/v2\/comments?post=1686"}],"version-history":[{"count":5,"href":"https:\/\/www.patrick-bernau.de\/PatrickBernau\/wp-json\/wp\/v2\/posts\/1686\/revisions"}],"predecessor-version":[{"id":1868,"href":"https:\/\/www.patrick-bernau.de\/PatrickBernau\/wp-json\/wp\/v2\/posts\/1686\/revisions\/1868"}],"wp:featuredmedia":[{"embeddable":true,"href":"https:\/\/www.patrick-bernau.de\/PatrickBernau\/wp-json\/wp\/v2\/media\/1714"}],"wp:attachment":[{"href":"https:\/\/www.patrick-bernau.de\/PatrickBernau\/wp-json\/wp\/v2\/media?parent=1686"}],"wp:term":[{"taxonomy":"category","embeddable":true,"href":"https:\/\/www.patrick-bernau.de\/PatrickBernau\/wp-json\/wp\/v2\/categories?post=1686"},{"taxonomy":"post_tag","embeddable":true,"href":"https:\/\/www.patrick-bernau.de\/PatrickBernau\/wp-json\/wp\/v2\/tags?post=1686"}],"curies":[{"name":"wp","href":"https:\/\/api.w.org\/{rel}","templated":true}]}}