{"id":1590,"date":"2013-01-29T19:10:54","date_gmt":"2013-01-29T18:10:54","guid":{"rendered":"http:\/\/www.patrick-bernau.de\/PatrickBernau\/?p=1590"},"modified":"2013-03-10T23:29:07","modified_gmt":"2013-03-10T22:29:07","slug":"blogger-videokonferenz-zur-bankenunion","status":"publish","type":"post","link":"https:\/\/www.patrick-bernau.de\/PatrickBernau\/2013\/01\/blogger-videokonferenz-zur-bankenunion\/","title":{"rendered":"Blogger-Videokonferenz zur Bankenunion"},"content":{"rendered":"<p><a href=\"https:\/\/www.patrick-bernau.de\/PatrickBernau\/wp-content\/uploads\/2013\/03\/OekonomenLive.jpg\"><img loading=\"lazy\" decoding=\"async\" class=\"alignleft size-medium wp-image-1591\" style=\"margin-left: 6px; margin-right: 6px;\" alt=\"&quot;\u00d6konomen Live&quot; - Screenshot vom Hangout\" src=\"https:\/\/www.patrick-bernau.de\/PatrickBernau\/wp-content\/uploads\/2013\/03\/OekonomenLive-300x168.jpg\" width=\"300\" height=\"168\" srcset=\"https:\/\/www.patrick-bernau.de\/PatrickBernau\/wp-content\/uploads\/2013\/03\/OekonomenLive-300x168.jpg 300w, https:\/\/www.patrick-bernau.de\/PatrickBernau\/wp-content\/uploads\/2013\/03\/OekonomenLive.jpg 450w\" sizes=\"auto, (max-width: 300px) 100vw, 300px\" \/><\/a>&#8222;\u00d6konomen Live&#8220; hei\u00dft die Reihe, zu der <a href=\"http:\/\/www.wirtschaftswurm.net\/\">Arne Kuster<\/a>, <a href=\"http:\/\/www.blicklog.com\/\">Dirk Elsner<\/a> und <a href=\"http:\/\/www.economicsintelligence.com\/\">Olaf Storbeck<\/a> immer wieder einladen. Am 29. Januar ging es um die Bankenunion: Was bringt sie? Kann sie k\u00fcnftige Krisen verhindern? Und wozu ist sie \u00fcberhaupt n\u00f6tig?<\/p>\n<p><a href=\"http:\/\/blogs.faz.net\/fazit\/2013\/01\/29\/blogger-videokonferenz-zur-bankenunion-903\/\">Die volle Diskussion steht im Wirtschaftsblog &#8222;Fazit&#8220;<\/a>.<\/p>\n","protected":false},"excerpt":{"rendered":"<p>Was bringt die Bankenunion? Kann sie k\u00fcnftige Krisen verhindern? Und wozu brauchen wir sie \u00fcberhaupt? Dar\u00fcber diskutierten vier Wirtschaftsblogger in einer Videokonferenz.  <a class=\"more-link\" href=\"https:\/\/www.patrick-bernau.de\/PatrickBernau\/2013\/01\/blogger-videokonferenz-zur-bankenunion\/\">Mehr &#8230;<\/a><\/p>\n","protected":false},"author":1,"featured_media":0,"comment_status":"closed","ping_status":"open","sticky":false,"template":"","format":"standard","meta":{"footnotes":"","_links_to":"","_links_to_target":""},"categories":[101],"tags":[848,931,163,879,932],"class_list":["post-1590","post","type-post","status-publish","format-standard","hentry","category-termine","tag-bankenunion","tag-dirk","tag-eurokrise","tag-kuster","tag-olaf"],"aioseo_notices":[],"_links":{"self":[{"href":"https:\/\/www.patrick-bernau.de\/PatrickBernau\/wp-json\/wp\/v2\/posts\/1590","targetHints":{"allow":["GET"]}}],"collection":[{"href":"https:\/\/www.patrick-bernau.de\/PatrickBernau\/wp-json\/wp\/v2\/posts"}],"about":[{"href":"https:\/\/www.patrick-bernau.de\/PatrickBernau\/wp-json\/wp\/v2\/types\/post"}],"author":[{"embeddable":true,"href":"https:\/\/www.patrick-bernau.de\/PatrickBernau\/wp-json\/wp\/v2\/users\/1"}],"replies":[{"embeddable":true,"href":"https:\/\/www.patrick-bernau.de\/PatrickBernau\/wp-json\/wp\/v2\/comments?post=1590"}],"version-history":[{"count":4,"href":"https:\/\/www.patrick-bernau.de\/PatrickBernau\/wp-json\/wp\/v2\/posts\/1590\/revisions"}],"predecessor-version":[{"id":1611,"href":"https:\/\/www.patrick-bernau.de\/PatrickBernau\/wp-json\/wp\/v2\/posts\/1590\/revisions\/1611"}],"wp:attachment":[{"href":"https:\/\/www.patrick-bernau.de\/PatrickBernau\/wp-json\/wp\/v2\/media?parent=1590"}],"wp:term":[{"taxonomy":"category","embeddable":true,"href":"https:\/\/www.patrick-bernau.de\/PatrickBernau\/wp-json\/wp\/v2\/categories?post=1590"},{"taxonomy":"post_tag","embeddable":true,"href":"https:\/\/www.patrick-bernau.de\/PatrickBernau\/wp-json\/wp\/v2\/tags?post=1590"}],"curies":[{"name":"wp","href":"https:\/\/api.w.org\/{rel}","templated":true}]}}