{"id":1329,"date":"2012-09-17T22:44:09","date_gmt":"2012-09-17T20:44:09","guid":{"rendered":"http:\/\/www.patrick-bernau.de\/PatrickBernau\/?p=1329"},"modified":"2013-05-02T01:34:59","modified_gmt":"2013-05-01T23:34:59","slug":"wie-wachsen-sozial-unternehmen","status":"publish","type":"post","link":"https:\/\/www.patrick-bernau.de\/PatrickBernau\/2012\/09\/wie-wachsen-sozial-unternehmen\/","title":{"rendered":"Wie wachsen Sozial-Unternehmen?"},"content":{"rendered":"<p><a href=\"https:\/\/www.patrick-bernau.de\/PatrickBernau\/wp-content\/uploads\/2012\/09\/TriMumpuni-PatrickBernau.jpg\"><img loading=\"lazy\" decoding=\"async\" class=\"alignleft size-medium wp-image-1387\" title=\"TriMumpuni-PatrickBernau\" src=\"https:\/\/www.patrick-bernau.de\/PatrickBernau\/wp-content\/uploads\/2012\/09\/TriMumpuni-PatrickBernau-300x205.jpg\" alt=\"Tri Mumpuni und Patrick Bernau\" width=\"300\" height=\"205\" srcset=\"https:\/\/www.patrick-bernau.de\/PatrickBernau\/wp-content\/uploads\/2012\/09\/TriMumpuni-PatrickBernau-300x205.jpg 300w, https:\/\/www.patrick-bernau.de\/PatrickBernau\/wp-content\/uploads\/2012\/09\/TriMumpuni-PatrickBernau.jpg 411w\" sizes=\"auto, (max-width: 300px) 100vw, 300px\" \/><\/a>&#8222;Soziale Unternehmer&#8220; gr\u00fcnden ihre Firmen, um damit ein gesellschaftliches Problem zu l\u00f6sen &#8211; wollen aber dabei keine Spenden verteilen, sondern mit ihrem Unternehmen Geld einnehmen. Zumindest so viel, dass sie ihre Kosten decken k\u00f6nnen. Dieses Konzept ist in den vergangenen Jahren in Mode gekommen, unter anderem durch die Unterst\u00fctzung von Organisationen wie <a href=\"http:\/\/germany.ashoka.org\/\">Ashoka<\/a>.<\/p>\n<p>Doch die Probleme von sozialen Unternehmern sind ganz \u00e4hnlich wie die von anderen Unternehmern. Anfangs m\u00f6chte kaum jemand Geld geben, weil der Erfolg nicht garantiert ist &#8211; das wurde auf einer <a href=\"http:\/\/www.siemens-stiftung.org\/de\/grundversorgung-social-entrepreneurship\/community-impact-development-group\/podiumsdiskussion\/2012.html\">Podiumsdiskussion<\/a> deutlich, die Ashoka gemeinsam mit der Siemens-Stiftung und der KfW anl\u00e4sslich einer Konferenz organisiert hatte und in der Sozialunternehmer von ihren Schwierigkeiten erz\u00e4hlten.<\/p>\n<p>Die Investoren, Roland Siller (KfW) und Joachim Schumacher (DEG) verteidigten sich: Sie legten vor allem die Kriterien an, die sorgf\u00e4ltige Geldgeber anlegen. Schumacher betonte, unterschiedliche Investoren h\u00e4tten unterschiedliche Renditeerwartungen.<\/p>\n<p>Die Unternehmer w\u00fcnschen sich gleichzeitig Investitionen f\u00fcr mehr unterschiedliche Gesch\u00e4ftsfelder. &#8222;Sie m\u00fcssen dem Bauern in Kenia keine Kuh kaufen&#8220;, sagte Haron Wachira aus Kenia, &#8222;die bekommt er von seinem Sohn aus Amerika geschenkt. Was Kenia braucht, ist eine funktionierende K\u00fchlkette, in der die Milch vom Land in die Stadt kommen kann.&#8220;<\/p>\n<p>Es diskutierten:<\/p>\n<ul>\n<li>Roland Siller, Generaldirektor Europa und Asien, KfW<\/li>\n<li>Ulrike Wahl, Gesch\u00e4ftsf\u00fchrer Vorstand der Siemens Stiftung<\/li>\n<li>Konstanze Frischen, Vorstandsmitglied von Ashoka International,<\/li>\n<li>Joachim Schumacher, Abteilungsleiter Afrika und Lateinamerika, DEG<\/li>\n<li>Tri Mumpuni, Sozialunternehmerin, Gr\u00fcnderin von IBEKA, Indonesien<\/li>\n<li>Haron Wachira, Sozialunternehmer, Gr\u00fcnder von Akili Holdings, Kenia<\/li>\n<\/ul>\n<p>Moderation: Patrick Bernau.<\/p>\n","protected":false},"excerpt":{"rendered":"<p>Soziales Unternehmertum ist in Mode. Wie k\u00f6nnen solche Firmen wachsen? Darum ging es in einer Podiumsdiskussion. Es zeigt sich: Die Probleme sozialer Unternehmer sind denen anderer Unternehmer gar nicht un\u00e4hnlich. <a class=\"more-link\" href=\"https:\/\/www.patrick-bernau.de\/PatrickBernau\/2012\/09\/wie-wachsen-sozial-unternehmen\/\">Mehr &#8230;<\/a><\/p>\n","protected":false},"author":1,"featured_media":1387,"comment_status":"closed","ping_status":"open","sticky":false,"template":"","format":"standard","meta":{"footnotes":"","_links_to":"","_links_to_target":""},"categories":[101],"tags":[633,982,761,760,759],"class_list":["post-1329","post","type-post","status-publish","format-standard","has-post-thumbnail","hentry","category-termine","tag-diskussion","tag-haron","tag-kfw","tag-soziales-unternehmertum","tag-unternehmer"],"aioseo_notices":[],"_links":{"self":[{"href":"https:\/\/www.patrick-bernau.de\/PatrickBernau\/wp-json\/wp\/v2\/posts\/1329","targetHints":{"allow":["GET"]}}],"collection":[{"href":"https:\/\/www.patrick-bernau.de\/PatrickBernau\/wp-json\/wp\/v2\/posts"}],"about":[{"href":"https:\/\/www.patrick-bernau.de\/PatrickBernau\/wp-json\/wp\/v2\/types\/post"}],"author":[{"embeddable":true,"href":"https:\/\/www.patrick-bernau.de\/PatrickBernau\/wp-json\/wp\/v2\/users\/1"}],"replies":[{"embeddable":true,"href":"https:\/\/www.patrick-bernau.de\/PatrickBernau\/wp-json\/wp\/v2\/comments?post=1329"}],"version-history":[{"count":9,"href":"https:\/\/www.patrick-bernau.de\/PatrickBernau\/wp-json\/wp\/v2\/posts\/1329\/revisions"}],"predecessor-version":[{"id":1649,"href":"https:\/\/www.patrick-bernau.de\/PatrickBernau\/wp-json\/wp\/v2\/posts\/1329\/revisions\/1649"}],"wp:featuredmedia":[{"embeddable":true,"href":"https:\/\/www.patrick-bernau.de\/PatrickBernau\/wp-json\/wp\/v2\/media\/1387"}],"wp:attachment":[{"href":"https:\/\/www.patrick-bernau.de\/PatrickBernau\/wp-json\/wp\/v2\/media?parent=1329"}],"wp:term":[{"taxonomy":"category","embeddable":true,"href":"https:\/\/www.patrick-bernau.de\/PatrickBernau\/wp-json\/wp\/v2\/categories?post=1329"},{"taxonomy":"post_tag","embeddable":true,"href":"https:\/\/www.patrick-bernau.de\/PatrickBernau\/wp-json\/wp\/v2\/tags?post=1329"}],"curies":[{"name":"wp","href":"https:\/\/api.w.org\/{rel}","templated":true}]}}