{"id":1204,"date":"2012-06-20T22:45:10","date_gmt":"2012-06-20T20:45:10","guid":{"rendered":"http:\/\/www.patrick-bernau.de\/PatrickBernau\/?p=1204"},"modified":"2012-10-21T18:08:51","modified_gmt":"2012-10-21T16:08:51","slug":"was-mussen-lehrer-kunftig-konnen","status":"publish","type":"post","link":"https:\/\/www.patrick-bernau.de\/PatrickBernau\/2012\/06\/was-mussen-lehrer-kunftig-konnen\/","title":{"rendered":"Was m\u00fcssen Lehrer k\u00fcnftig k\u00f6nnen?"},"content":{"rendered":"<p>&#8222;Die besten sollen Lehrer werden&#8220;, hat Bildungsministerin Annette Schavan einst gesagt. Klar ist: Die Auswahl und Ausbildung junger Lehrer funktioniert oft nicht richtig. Die neue <a href=\"http:\/\/www.abl.uni-frankfurt.de\/\">Akademie f\u00fcr Bildungsforschung und Lehrerbildung<\/a> an der Universit\u00e4t Frankfurt soll die Lage verbessern. Was ist n\u00f6tig? Und wie l\u00e4sst sich das erreichen? Zur Er\u00f6ffnung der Akademie <a href=\"http:\/\/www.abl.uni-frankfurt.de\/41064396\/Programm\">diskutierten<\/a>:<\/p>\n<ul>\n<li>Udo Rauin, Universit\u00e4t Frankfurt, stellte die neue Akademie vor und betonte die Bedeutung der theoretischen Lehrerausbildung &#8211; trotz des Praxisschocks, \u00fcber den viele junge Lehrer klagen.<\/li>\n<li>Ingmar Jung, Hessisches Ministerium f\u00fcr Wissenschaft und Kunst, sagte: Lehrer brauchen neue Theorie, um mit den praktischen Problemen fertig zu werden.<\/li>\n<li>Rolf Dubs, Universit\u00e4t Sankt Gallen, argumentierte: Wenn Studenten ihre Eignung selbst testen, werden oft immer noch die Falschen Lehrer.<\/li>\n<li>Patrick Bernau lenkte das Augenmerk auf die Schwierigkeiten benachteiligter Kinder. Zwar diskutiere die \u00d6ffentlichkeit immer wieder \u00fcber Studiengeb\u00fchren und G8, weil sich die Betroffenen gut artikulieren k\u00f6nnten. Die gr\u00f6\u00dferen Probleme bek\u00e4men aber in Zukunft Kinder mit schwierigen Elternh\u00e4usern.<\/li>\n<\/ul>\n","protected":false},"excerpt":{"rendered":"<p>Lehrer sind so wichtig wie nie &#8211; gleichzeitig f\u00fchlen sie sich schlecht ausgebildet. Eine Diskussion zur Er\u00f6ffnung der neuen Akademie f\u00fcr Bildungsforschung und Lehrerbildung an der Universit\u00e4t Frankfurt. <a class=\"more-link\" href=\"https:\/\/www.patrick-bernau.de\/PatrickBernau\/2012\/06\/was-mussen-lehrer-kunftig-konnen\/\">Mehr &#8230;<\/a><\/p>\n","protected":false},"author":1,"featured_media":0,"comment_status":"closed","ping_status":"open","sticky":false,"template":"","format":"standard","meta":{"footnotes":"","_links_to":"","_links_to_target":""},"categories":[101],"tags":[656,716,658,775,455],"class_list":["post-1204","post","type-post","status-publish","format-standard","hentry","category-termine","tag-entwurf","tag-lehrer","tag-problem","tag-sankt-gallen","tag-universitat"],"aioseo_notices":[],"_links":{"self":[{"href":"https:\/\/www.patrick-bernau.de\/PatrickBernau\/wp-json\/wp\/v2\/posts\/1204","targetHints":{"allow":["GET"]}}],"collection":[{"href":"https:\/\/www.patrick-bernau.de\/PatrickBernau\/wp-json\/wp\/v2\/posts"}],"about":[{"href":"https:\/\/www.patrick-bernau.de\/PatrickBernau\/wp-json\/wp\/v2\/types\/post"}],"author":[{"embeddable":true,"href":"https:\/\/www.patrick-bernau.de\/PatrickBernau\/wp-json\/wp\/v2\/users\/1"}],"replies":[{"embeddable":true,"href":"https:\/\/www.patrick-bernau.de\/PatrickBernau\/wp-json\/wp\/v2\/comments?post=1204"}],"version-history":[{"count":3,"href":"https:\/\/www.patrick-bernau.de\/PatrickBernau\/wp-json\/wp\/v2\/posts\/1204\/revisions"}],"predecessor-version":[{"id":1421,"href":"https:\/\/www.patrick-bernau.de\/PatrickBernau\/wp-json\/wp\/v2\/posts\/1204\/revisions\/1421"}],"wp:attachment":[{"href":"https:\/\/www.patrick-bernau.de\/PatrickBernau\/wp-json\/wp\/v2\/media?parent=1204"}],"wp:term":[{"taxonomy":"category","embeddable":true,"href":"https:\/\/www.patrick-bernau.de\/PatrickBernau\/wp-json\/wp\/v2\/categories?post=1204"},{"taxonomy":"post_tag","embeddable":true,"href":"https:\/\/www.patrick-bernau.de\/PatrickBernau\/wp-json\/wp\/v2\/tags?post=1204"}],"curies":[{"name":"wp","href":"https:\/\/api.w.org\/{rel}","templated":true}]}}